{"id":4765,"global_id":"www.conect.at\/en?id=4765","global_id_lineage":["www.conect.at\/en?id=4765"],"author":"6","status":"publish","date":"2022-06-13 14:07:30","date_utc":"2022-06-13 12:07:30","modified":"2022-09-19 13:08:26","modified_utc":"2022-09-19 11:08:26","url":"https:\/\/www.conect.at\/en\/veranstaltung\/agiles-mindset-und-leadership-2","rest_url":"https:\/\/www.conect.at\/en\/wp-json\/tribe\/events\/v1\/events\/4765","title":"Agilit\u00e4t in der Praxis","description":"<p>[vc_row][vc_column][vc_column_text]<em><strong>Best Practices von RBI &amp; \u00d6BB Rail Cargo<\/strong><\/em><\/p>\n<p><a href=\"https:\/\/www.linkedin.com\/video\/event\/urn:li:ugcPost:6975377050270330880\/\">Anmeldung Linked-In Live \u00dcbertragung<\/a> | <a class=\"btn btn-conect\" href=\"https:\/\/www.linkedin.com\/video\/event\/urn:li:ugcPost:6975377050270330880\/\">zu Linkedin<\/a><\/p>\n<p><strong>Themenschwerpunkte:<\/strong><\/p>\n<ul>\n<li>Scaled Agile Framework (SAFe): Nur aufgebl\u00e4hte B\u00fcrokratie oder ein sinnvoller Enabler f\u00fcr Business-Agilit\u00e4t? \u2013 Almudena Rodriguez Pardo (Rodriguez Pardo &amp; Assocs)<\/li>\n<li>Customer-centric innovation in a highly regulated financial environment \u2013 Raiffeisen Bank International<\/li>\n<li>Learning and Agility. Is this the \u2018dream team\u2019 for the future? \u2013 am Beispiel der \u00d6BB Rail Cargo Group<\/li>\n<li>Wie wir unsere Time-to-Market halbiert haben \u2013 Klaus Hundstorfer (Fronius)<\/li>\n<li>Podiumsdiskussion: Agility and Human Resources. Dream Team or Contradiction?\n<ul>\n<li>Generationenmanagement<\/li>\n<li>Expertenwissen transferieren<\/li>\n<li>Recruting Trends &amp; neue entstehende Berufsbilder<\/li>\n<\/ul>\n<\/li>\n<\/ul>\n<p><strong>Zielgruppe: <\/strong><\/p>\n<p>Executives and Leaders, Operational Managers, Directors, CIOs and VPs, Development, Quality Assurance und Infrastructure Managers, Project Managers, Portfolio and Program Managers, PMO, Product Managers, Fu\u0308hrungskra\u0308fte, Process Managers, Enterprise Architects, System Architects, Solution Architects, Scrum Masters, Agile Coaches, Team Facilitators[\/vc_column_text][\/vc_column][\/vc_row]<\/p>","excerpt":"","slug":"agiles-mindset-und-leadership-2","image":false,"all_day":false,"start_date":"2022-09-19 14:00:00","start_date_details":{"year":"2022","month":"09","day":"19","hour":"14","minutes":"00","seconds":"00"},"end_date":"2022-09-19 17:10:00","end_date_details":{"year":"2022","month":"09","day":"19","hour":"17","minutes":"10","seconds":"00"},"utc_start_date":"2022-09-19 12:00:00","utc_start_date_details":{"year":"2022","month":"09","day":"19","hour":"12","minutes":"00","seconds":"00"},"utc_end_date":"2022-09-19 15:10:00","utc_end_date_details":{"year":"2022","month":"09","day":"19","hour":"15","minutes":"10","seconds":"00"},"timezone":"Europe\/Vienna","timezone_abbr":"CEST","cost":"","cost_details":{"currency_symbol":"","currency_position":"","values":[]},"website":"","show_map":false,"show_map_link":false,"hide_from_listings":false,"sticky":false,"featured":false,"categories":[{"name":"Konferenzen","slug":"konferenzen","term_group":0,"term_taxonomy_id":4,"taxonomy":"tribe_events_cat","description":"","parent":0,"count":96,"filter":"raw","id":4,"urls":{"self":"https:\/\/www.conect.at\/en\/wp-json\/tribe\/events\/v1\/categories\/4","collection":"https:\/\/www.conect.at\/en\/wp-json\/tribe\/events\/v1\/categories"}},{"name":"Webkonferenzen","slug":"webkonferenzen","term_group":0,"term_taxonomy_id":17,"taxonomy":"tribe_events_cat","description":"","parent":0,"count":53,"filter":"raw","id":17,"urls":{"self":"https:\/\/www.conect.at\/en\/wp-json\/tribe\/events\/v1\/categories\/17","collection":"https:\/\/www.conect.at\/en\/wp-json\/tribe\/events\/v1\/categories"}}],"tags":[{"name":"Agile Transformation","slug":"agile-transformation","term_group":0,"term_taxonomy_id":56,"taxonomy":"post_tag","description":"","parent":0,"count":21,"filter":"raw","id":56,"urls":{"self":"https:\/\/www.conect.at\/en\/wp-json\/tribe\/events\/v1\/tags\/56","collection":"https:\/\/www.conect.at\/en\/wp-json\/tribe\/events\/v1\/tags"}},{"name":"Agilit\u00e4t und Agile Transformation","slug":"agilitaet-und-agile-transformation","term_group":0,"term_taxonomy_id":74,"taxonomy":"post_tag","description":"","parent":0,"count":30,"filter":"raw","id":74,"urls":{"self":"https:\/\/www.conect.at\/en\/wp-json\/tribe\/events\/v1\/tags\/74","collection":"https:\/\/www.conect.at\/en\/wp-json\/tribe\/events\/v1\/tags"}},{"name":"IT-Strategie und Agiles Leadership","slug":"it-strategie-und-agiles-leadership","term_group":0,"term_taxonomy_id":31,"taxonomy":"post_tag","description":"","parent":0,"count":107,"filter":"raw","id":31,"urls":{"self":"https:\/\/www.conect.at\/en\/wp-json\/tribe\/events\/v1\/tags\/31","collection":"https:\/\/www.conect.at\/en\/wp-json\/tribe\/events\/v1\/tags"}}],"venue":{"id":2927,"author":"6","status":"publish","date":"2021-10-13 19:11:25","date_utc":"2021-10-13 17:11:25","modified":"2021-10-13 19:11:25","modified_utc":"2021-10-13 17:11:25","url":"https:\/\/www.conect.at\/venue\/live-online-2","venue":"Live Online","slug":"live-online-2","json_ld":{"@type":"Place","name":"Live Online","description":"","url":"https:\/\/www.conect.at\/venue\/live-online-2","address":{"@type":"PostalAddress"},"telephone":"","sameAs":""},"show_map":true,"show_map_link":true,"global_id":"www.conect.at\/en?id=2927","global_id_lineage":["www.conect.at\/en?id=2927"]},"organizer":[{"id":4986,"author":"6","status":"publish","date":"2022-07-21 11:16:20","date_utc":"2022-07-21 09:16:20","modified":"2022-07-21 11:16:20","modified_utc":"2022-07-21 09:16:20","url":"https:\/\/www.conect.at\/speaker\/lejla-vulovic-2","organizer":"Lejla Vulovic","description":"<p>Lejla Vulovic, Senior Agile Coach, Raiffeisen Bank International. Lejla is an agile coach, practitioner, and trainer. She is passionate about helping teams achieve their highest potential in creating valuable products and services and at the same time having engaged and motivated team members. As an agile coach in Raiffeisen Bank International, she has a unique opportunity to support people, teams, and the whole organization on their agile movement. Her journey of becoming an agile coach has included several stations in the last 15+ years. She gathered experience in various senior leadership and management roles in the IT and Operations field of the banking industry. Lejla has a background in engineering and solid hands-on experience in leading teams, large and complex projects, business process optimization, and organizational transformation.<\/p>","slug":"lejla-vulovic-2","image":{"url":"https:\/\/www.conect.at\/wp-content\/uploads\/2022\/06\/vulovic\u2013lejla_2022_rgb.jpg","id":4985,"extension":"jpg","width":450,"height":600,"sizes":{"medium":{"width":375,"height":500,"mime-type":"image\/jpeg","url":"https:\/\/www.conect.at\/wp-content\/uploads\/2022\/06\/vulovic\u2013lejla_2022_rgb-375x500.jpg"},"thumbnail":{"width":250,"height":250,"mime-type":"image\/jpeg","url":"https:\/\/www.conect.at\/wp-content\/uploads\/2022\/06\/vulovic\u2013lejla_2022_rgb-250x250.jpg"},"conect-media":{"width":283,"height":400,"mime-type":"image\/jpeg","url":"https:\/\/www.conect.at\/wp-content\/uploads\/2022\/06\/vulovic\u2013lejla_2022_rgb-283x400.jpg"},"speaker-image":{"width":135,"height":135,"mime-type":"image\/jpeg","url":"https:\/\/www.conect.at\/wp-content\/uploads\/2022\/06\/vulovic\u2013lejla_2022_rgb-135x135.jpg"},"speaker-portrait":{"width":101,"height":135,"mime-type":"image\/jpeg","url":"https:\/\/www.conect.at\/wp-content\/uploads\/2022\/06\/vulovic\u2013lejla_2022_rgb-101x135.jpg"},"post-grid":{"width":113,"height":150,"mime-type":"image\/jpeg","url":"https:\/\/www.conect.at\/wp-content\/uploads\/2022\/06\/vulovic\u2013lejla_2022_rgb-113x150.jpg"},"widget-thumbnail":{"width":75,"height":75,"mime-type":"image\/jpeg","url":"https:\/\/www.conect.at\/wp-content\/uploads\/2022\/06\/vulovic\u2013lejla_2022_rgb-75x75.jpg"}}},"json_ld":{"@type":"Person","name":"Lejla Vulovic","description":"&lt;p&gt;Lejla Vulovic, Senior Agile Coach, Raiffeisen Bank International. Lejla is an agile coach, practitioner, and trainer. She is passionate about helping teams achieve their highest potential in creating valuable products and services and at the same time having engaged and motivated team members. As an agile coach in Raiffeisen Bank International, she has a unique&lt;\/p&gt;\\n","image":"https:\/\/www.conect.at\/wp-content\/uploads\/2022\/06\/vulovic\u2013lejla_2022_rgb.jpg","url":"https:\/\/www.conect.at\/speaker\/lejla-vulovic-2","telephone":"","email":"","sameAs":""},"global_id":"www.conect.at\/en?id=4986","global_id_lineage":["www.conect.at\/en?id=4986"]},{"id":1345,"author":"6","status":"publish","date":"2021-03-09 16:58:38","date_utc":"2021-03-09 15:58:38","modified":"2023-10-12 17:14:29","modified_utc":"2023-10-12 15:14:29","url":"https:\/\/www.conect.at\/speaker\/almudena-rodriguez-pardo-2","organizer":"Almudena Rodriguez Pardo","description":"<p>Almudena Rodriguez Pardo \u2013 Management 3.0 Licensed Trainer, SAFe Program Consultant.\u00a0Business Agility Consultant bei Rodriguez Pardo &amp; Assocs. Almudena Rodriguez Pardo sammelte \u00fcber 22 Jahre Praxiserfahrung in Telekommunikationsunternehmen als Entwicklerin, Market Support Engineer und in der Qualit\u00e4tssicherung.<\/p>\n<p>Als passionierte Agile Expertin, mit einer sehr breiten praxisbezogenen Erfahrung in der Anwendung von Lean und Agile Methodologien, unterst\u00fctzt Almudena mit ihrer Unternehmensberatung die erfolgreiche Agile Transformation in einem breiten Spektrum an Europ\u00e4ischen Unternehmen. Mit ihren Consultingleistungen betreut Almudena eine Vielzahl von Branchen wie Versicherungen, Telekommunikationen, Modemarken, Regierungen, Apps, Media, \u2026, diese Erfahrungen sind die Grundlage f\u00fcr ihre Kurse, wo sie theoretische Inhalte mit praxisbezogenen Beispielen und \u203aBest Practices\u2039 aus der Industrie kombiniert. Weiterhin ist Almudena international als Sprecherin bei den wichtigsten europ\u00e4ischen Agile Konferenzen t\u00e4tig (zum Beispiel ScanAgile Helsinki, Agile Tour London, Agile Practitioners Tel Aviv, ScrumDays Stuttgart, Conference Agile Spain, Agile Conference Serbien). 2022 ist Almudena als Referentin bei der Agile Conference London und beim Business Analysis Day in Belgien eingeladen, so wie als Keynote Speaker bei der Forward Management 3.0 Konferenz in Berlin.<\/p>\n<p>&nbsp;<\/p>","slug":"almudena-rodriguez-pardo-2","image":{"url":"https:\/\/www.conect.at\/wp-content\/uploads\/2021\/03\/rodriguez_pardo_almudena_2019_rgb.jpg","id":7662,"extension":"jpg","width":450,"height":600,"sizes":{"medium":{"width":375,"height":500,"mime-type":"image\/jpeg","url":"https:\/\/www.conect.at\/wp-content\/uploads\/2021\/03\/rodriguez_pardo_almudena_2019_rgb-375x500.jpg"},"thumbnail":{"width":250,"height":250,"mime-type":"image\/jpeg","url":"https:\/\/www.conect.at\/wp-content\/uploads\/2021\/03\/rodriguez_pardo_almudena_2019_rgb-250x250.jpg"},"conect-media":{"width":283,"height":400,"mime-type":"image\/jpeg","url":"https:\/\/www.conect.at\/wp-content\/uploads\/2021\/03\/rodriguez_pardo_almudena_2019_rgb-283x400.jpg"},"speaker-image":{"width":135,"height":135,"mime-type":"image\/jpeg","url":"https:\/\/www.conect.at\/wp-content\/uploads\/2021\/03\/rodriguez_pardo_almudena_2019_rgb-135x135.jpg"},"speaker-portrait":{"width":101,"height":135,"mime-type":"image\/jpeg","url":"https:\/\/www.conect.at\/wp-content\/uploads\/2021\/03\/rodriguez_pardo_almudena_2019_rgb-101x135.jpg"},"post-grid":{"width":113,"height":150,"mime-type":"image\/jpeg","url":"https:\/\/www.conect.at\/wp-content\/uploads\/2021\/03\/rodriguez_pardo_almudena_2019_rgb-113x150.jpg"},"widget-thumbnail":{"width":75,"height":75,"mime-type":"image\/jpeg","url":"https:\/\/www.conect.at\/wp-content\/uploads\/2021\/03\/rodriguez_pardo_almudena_2019_rgb-75x75.jpg"}}},"json_ld":{"@type":"Person","name":"Almudena Rodriguez Pardo","description":"&lt;p&gt;Almudena Rodriguez Pardo \u2013 Management 3.0 Licensed Trainer, SAFe Program Consultant.\u00a0Business Agility Consultant bei Rodriguez Pardo &amp; Assocs. Almudena Rodriguez Pardo sammelte \u00fcber 22 Jahre Praxiserfahrung in Telekommunikationsunternehmen als Entwicklerin, Market Support Engineer und in der Qualit\u00e4tssicherung. Als passionierte Agile Expertin, mit einer sehr breiten praxisbezogenen Erfahrung in der Anwendung von Lean und Agile Methodologien,&lt;\/p&gt;\\n","image":"https:\/\/www.conect.at\/wp-content\/uploads\/2021\/03\/rodriguez_pardo_almudena_2019_rgb.jpg","url":"https:\/\/www.conect.at\/speaker\/almudena-rodriguez-pardo-2","telephone":"","email":"","sameAs":""},"global_id":"www.conect.at\/en?id=1345","global_id_lineage":["www.conect.at\/en?id=1345"]},{"id":4988,"author":"6","status":"publish","date":"2022-07-21 11:26:04","date_utc":"2022-07-21 09:26:04","modified":"2022-07-21 11:26:04","modified_utc":"2022-07-21 09:26:04","url":"https:\/\/www.conect.at\/speaker\/anja-steiner-2","organizer":"Anja Steiner","description":"<p>Anja Steiner from Rail Cargo Group (member of OEBB) is a human innovation architect, people and organizational developer, Trend- and Talent-Scouter with +15 years of experiences in various fields of Human Resources on international and national levels, having coordinated projects in different industries and engagement measures for up to 14 countries at the same time. Educated in work psychology from the universities of Vienna and Helsinki, she is also experienced in adding SCRUM, design thinking and elements of SAFe to her work.<\/p>","slug":"anja-steiner-2","image":{"url":"https:\/\/www.conect.at\/wp-content\/uploads\/2022\/06\/steiner_anja_2022_rgb.jpg","id":4987,"extension":"jpg","width":450,"height":600,"sizes":{"medium":{"width":375,"height":500,"mime-type":"image\/jpeg","url":"https:\/\/www.conect.at\/wp-content\/uploads\/2022\/06\/steiner_anja_2022_rgb-375x500.jpg"},"thumbnail":{"width":250,"height":250,"mime-type":"image\/jpeg","url":"https:\/\/www.conect.at\/wp-content\/uploads\/2022\/06\/steiner_anja_2022_rgb-250x250.jpg"},"conect-media":{"width":283,"height":400,"mime-type":"image\/jpeg","url":"https:\/\/www.conect.at\/wp-content\/uploads\/2022\/06\/steiner_anja_2022_rgb-283x400.jpg"},"speaker-image":{"width":135,"height":135,"mime-type":"image\/jpeg","url":"https:\/\/www.conect.at\/wp-content\/uploads\/2022\/06\/steiner_anja_2022_rgb-135x135.jpg"},"speaker-portrait":{"width":101,"height":135,"mime-type":"image\/jpeg","url":"https:\/\/www.conect.at\/wp-content\/uploads\/2022\/06\/steiner_anja_2022_rgb-101x135.jpg"},"post-grid":{"width":113,"height":150,"mime-type":"image\/jpeg","url":"https:\/\/www.conect.at\/wp-content\/uploads\/2022\/06\/steiner_anja_2022_rgb-113x150.jpg"},"widget-thumbnail":{"width":75,"height":75,"mime-type":"image\/jpeg","url":"https:\/\/www.conect.at\/wp-content\/uploads\/2022\/06\/steiner_anja_2022_rgb-75x75.jpg"}}},"json_ld":{"@type":"Person","name":"Anja Steiner","description":"&lt;p&gt;Anja Steiner from Rail Cargo Group (member of OEBB) is a human innovation architect, people and organizational developer, Trend- and Talent-Scouter with +15 years of experiences in various fields of Human Resources on international and national levels, having coordinated projects in different industries and engagement measures for up to 14 countries at the same time.&lt;\/p&gt;\\n","image":"https:\/\/www.conect.at\/wp-content\/uploads\/2022\/06\/steiner_anja_2022_rgb.jpg","url":"https:\/\/www.conect.at\/speaker\/anja-steiner-2","telephone":"","email":"","sameAs":""},"global_id":"www.conect.at\/en?id=4988","global_id_lineage":["www.conect.at\/en?id=4988"]},{"id":1252,"author":"6","status":"publish","date":"2021-03-09 12:35:11","date_utc":"2021-03-09 11:35:11","modified":"2022-06-07 15:13:35","modified_utc":"2022-06-07 13:13:35","url":"https:\/\/www.conect.at\/speaker\/andreas-pirkner","organizer":"Andreas Pirkner","description":"<p>Andreas Pirkner war nach dem Wirtschaftsingenieur-Studium an der Technischen Universit\u00e4t Wien zun\u00e4chst als Projektleiter im IT-Bereich t\u00e4tig. Nach mehreren Jahren in verschiedenen Funktionen im Bankenbereich, sowohl auf Business- als auch auf IT-Seite, ist er nun verantwortlich f\u00fcr Enterprise Architecture Management und IT-Strategie bei der Erste Asset Management GmbH, einer Tochter der Erste Group Bank AG.<\/p>","slug":"andreas-pirkner","image":{"url":"https:\/\/www.conect.at\/wp-content\/uploads\/edd\/2021\/03\/pirkner_andreas_2018_rgb-\u00a9-www.fotoweinwurm.at_.jpg","id":1251,"extension":"jpg","width":450,"height":600,"sizes":{"medium":{"width":225,"height":300,"mime-type":"image\/jpeg","url":"https:\/\/www.conect.at\/wp-content\/uploads\/edd\/2021\/03\/pirkner_andreas_2018_rgb-\u00a9-www.fotoweinwurm.at_-225x300.jpg"},"conect-media":{"width":283,"height":400,"mime-type":"image\/jpeg","url":"https:\/\/www.conect.at\/wp-content\/uploads\/edd\/2021\/03\/pirkner_andreas_2018_rgb-\u00a9-www.fotoweinwurm.at_-283x400.jpg"},"speaker-image":{"width":135,"height":135,"mime-type":"image\/jpeg","url":"https:\/\/www.conect.at\/wp-content\/uploads\/edd\/2021\/03\/pirkner_andreas_2018_rgb-\u00a9-www.fotoweinwurm.at_-135x135.jpg"},"speaker-portrait":{"width":101,"height":135,"mime-type":"image\/jpeg","url":"https:\/\/www.conect.at\/wp-content\/uploads\/edd\/2021\/03\/pirkner_andreas_2018_rgb-\u00a9-www.fotoweinwurm.at_-101x135.jpg"},"post-grid":{"width":113,"height":150,"mime-type":"image\/jpeg","url":"https:\/\/www.conect.at\/wp-content\/uploads\/edd\/2021\/03\/pirkner_andreas_2018_rgb-\u00a9-www.fotoweinwurm.at_-113x150.jpg"},"widget-thumbnail":{"width":75,"height":75,"mime-type":"image\/jpeg","url":"https:\/\/www.conect.at\/wp-content\/uploads\/edd\/2021\/03\/pirkner_andreas_2018_rgb-\u00a9-www.fotoweinwurm.at_-75x75.jpg"}}},"json_ld":{"@type":"Person","name":"Andreas Pirkner","description":"&lt;p&gt;Andreas Pirkner war nach dem Wirtschaftsingenieur-Studium an der Technischen Universit\u00e4t Wien zun\u00e4chst als Projektleiter im IT-Bereich t\u00e4tig. Nach mehreren Jahren in verschiedenen Funktionen im Bankenbereich, sowohl auf Business- als auch auf IT-Seite, ist er nun verantwortlich f\u00fcr Enterprise Architecture Management und IT-Strategie bei der Erste Asset Management GmbH, einer Tochter der Erste Group Bank AG.&lt;\/p&gt;\\n","image":"https:\/\/www.conect.at\/wp-content\/uploads\/edd\/2021\/03\/pirkner_andreas_2018_rgb-\u00a9-www.fotoweinwurm.at_.jpg","url":"https:\/\/www.conect.at\/speaker\/andreas-pirkner","telephone":"","email":"","sameAs":""},"global_id":"www.conect.at\/en?id=1252","global_id_lineage":["www.conect.at\/en?id=1252"]},{"id":5053,"author":"6","status":"publish","date":"2022-08-02 10:20:38","date_utc":"2022-08-02 08:20:38","modified":"2022-08-02 10:20:38","modified_utc":"2022-08-02 08:20:38","url":"https:\/\/www.conect.at\/speaker\/babak-rezai-hariri","organizer":"Babak Rezai-Hariri","description":"<p><em>Herr Babak Rezai-Hariri ist seit 2021 in unserem Unternehmen als Release Train Engineer t\u00e4tig.<\/em><\/p>\n<p><em>\u00a0<\/em><em>Er ist ein sehr erfahrener Consultant und hat in unterschiedlichsten Branchen und Projekten \u00fcber viele Jahre Unternehmen vor allem im Zusammenhang mit Strategie und Change Management beraten. Seine beruflichen Stationen bis zur 3B infra reichen von Projekten f\u00fcr die Deutsche Bahn \u00fcber Constantia bis zu Baxter. Er verf\u00fcgt neben anderem \u00fcber die Ausbildung als Lean Six Sigma Black Belt.<\/em><\/p>","slug":"babak-rezai-hariri","image":{"url":"https:\/\/www.conect.at\/wp-content\/uploads\/2022\/06\/Babik_Rezai.jpg","id":5052,"extension":"jpg","width":1056,"height":1240,"sizes":{"medium":{"width":426,"height":500,"mime-type":"image\/jpeg","url":"https:\/\/www.conect.at\/wp-content\/uploads\/2022\/06\/Babik_Rezai-426x500.jpg"},"large":{"width":852,"height":1000,"mime-type":"image\/jpeg","url":"https:\/\/www.conect.at\/wp-content\/uploads\/2022\/06\/Babik_Rezai-852x1000.jpg"},"thumbnail":{"width":250,"height":250,"mime-type":"image\/jpeg","url":"https:\/\/www.conect.at\/wp-content\/uploads\/2022\/06\/Babik_Rezai-250x250.jpg"},"medium_large":{"width":768,"height":902,"mime-type":"image\/jpeg","url":"https:\/\/www.conect.at\/wp-content\/uploads\/2022\/06\/Babik_Rezai-768x902.jpg"},"conect-media":{"width":283,"height":400,"mime-type":"image\/jpeg","url":"https:\/\/www.conect.at\/wp-content\/uploads\/2022\/06\/Babik_Rezai-283x400.jpg"},"speaker-image":{"width":135,"height":135,"mime-type":"image\/jpeg","url":"https:\/\/www.conect.at\/wp-content\/uploads\/2022\/06\/Babik_Rezai-135x135.jpg"},"speaker-portrait":{"width":101,"height":135,"mime-type":"image\/jpeg","url":"https:\/\/www.conect.at\/wp-content\/uploads\/2022\/06\/Babik_Rezai-101x135.jpg"},"post-grid":{"width":128,"height":150,"mime-type":"image\/jpeg","url":"https:\/\/www.conect.at\/wp-content\/uploads\/2022\/06\/Babik_Rezai-128x150.jpg"},"widget-thumbnail":{"width":75,"height":75,"mime-type":"image\/jpeg","url":"https:\/\/www.conect.at\/wp-content\/uploads\/2022\/06\/Babik_Rezai-75x75.jpg"}}},"json_ld":{"@type":"Person","name":"Babak Rezai-Hariri","description":"&lt;p&gt;Herr Babak Rezai-Hariri ist seit 2021 in unserem Unternehmen als Release Train Engineer t\u00e4tig. \u00a0Er ist ein sehr erfahrener Consultant und hat in unterschiedlichsten Branchen und Projekten \u00fcber viele Jahre Unternehmen vor allem im Zusammenhang mit Strategie und Change Management beraten. Seine beruflichen Stationen bis zur 3B infra reichen von Projekten f\u00fcr die Deutsche Bahn&lt;\/p&gt;\\n","image":"https:\/\/www.conect.at\/wp-content\/uploads\/2022\/06\/Babik_Rezai.jpg","url":"https:\/\/www.conect.at\/speaker\/babak-rezai-hariri","telephone":"","email":"","sameAs":""},"global_id":"www.conect.at\/en?id=5053","global_id_lineage":["www.conect.at\/en?id=5053"]},{"id":5109,"author":"6","status":"publish","date":"2022-08-10 12:51:43","date_utc":"2022-08-10 10:51:43","modified":"2022-08-10 12:51:43","modified_utc":"2022-08-10 10:51:43","url":"https:\/\/www.conect.at\/speaker\/stephan-taborsky","organizer":"Stephan Taborsky","description":"<p>Stephan Taborsky ist Partner bei EY und verantwortet das Gesch\u00e4ftsfeld Technology Transformation. Seine Beratungsschwerpunkte sind IT- und Digitalisierungsstrategie, IT-Organisationsentwicklung, IT-Sourcing und agile Transformation. Er ist Spezialist f\u00fcr Programm- und Projektmanagement in komplexen Systemintegrations- und Kernsystemmodernisierungsprojekten.<\/p>","slug":"stephan-taborsky","image":{"url":"https:\/\/www.conect.at\/wp-content\/uploads\/2022\/06\/Taborsky_Stephan_6983s.jpg","id":5108,"extension":"jpg","width":1361,"height":907,"sizes":{"medium":{"width":500,"height":333,"mime-type":"image\/jpeg","url":"https:\/\/www.conect.at\/wp-content\/uploads\/2022\/06\/Taborsky_Stephan_6983s-500x333.jpg"},"large":{"width":1000,"height":666,"mime-type":"image\/jpeg","url":"https:\/\/www.conect.at\/wp-content\/uploads\/2022\/06\/Taborsky_Stephan_6983s-1000x666.jpg"},"thumbnail":{"width":250,"height":250,"mime-type":"image\/jpeg","url":"https:\/\/www.conect.at\/wp-content\/uploads\/2022\/06\/Taborsky_Stephan_6983s-250x250.jpg"},"medium_large":{"width":768,"height":512,"mime-type":"image\/jpeg","url":"https:\/\/www.conect.at\/wp-content\/uploads\/2022\/06\/Taborsky_Stephan_6983s-768x512.jpg"},"conect-media":{"width":283,"height":400,"mime-type":"image\/jpeg","url":"https:\/\/www.conect.at\/wp-content\/uploads\/2022\/06\/Taborsky_Stephan_6983s-283x400.jpg"},"speaker-image":{"width":135,"height":135,"mime-type":"image\/jpeg","url":"https:\/\/www.conect.at\/wp-content\/uploads\/2022\/06\/Taborsky_Stephan_6983s-135x135.jpg"},"speaker-portrait":{"width":101,"height":135,"mime-type":"image\/jpeg","url":"https:\/\/www.conect.at\/wp-content\/uploads\/2022\/06\/Taborsky_Stephan_6983s-101x135.jpg"},"post-grid":{"width":225,"height":150,"mime-type":"image\/jpeg","url":"https:\/\/www.conect.at\/wp-content\/uploads\/2022\/06\/Taborsky_Stephan_6983s-225x150.jpg"},"widget-thumbnail":{"width":75,"height":75,"mime-type":"image\/jpeg","url":"https:\/\/www.conect.at\/wp-content\/uploads\/2022\/06\/Taborsky_Stephan_6983s-75x75.jpg"}}},"json_ld":{"@type":"Person","name":"Stephan Taborsky","description":"&lt;p&gt;Stephan Taborsky ist Partner bei EY und verantwortet das Gesch\u00e4ftsfeld Technology Transformation. Seine Beratungsschwerpunkte sind IT- und Digitalisierungsstrategie, IT-Organisationsentwicklung, IT-Sourcing und agile Transformation. Er ist Spezialist f\u00fcr Programm- und Projektmanagement in komplexen Systemintegrations- und Kernsystemmodernisierungsprojekten.&lt;\/p&gt;\\n","image":"https:\/\/www.conect.at\/wp-content\/uploads\/2022\/06\/Taborsky_Stephan_6983s.jpg","url":"https:\/\/www.conect.at\/speaker\/stephan-taborsky","telephone":"","email":"","sameAs":""},"global_id":"www.conect.at\/en?id=5109","global_id_lineage":["www.conect.at\/en?id=5109"]}],"json_ld":{"@context":"http:\/\/schema.org","@type":"Event","name":"Agilit\u00e4t in der Praxis","description":"&lt;p&gt;Best Practices von RBI &amp; \u00d6BB Rail Cargo Anmeldung Linked-In Live \u00dcbertragung | zu Linkedin Themenschwerpunkte: Scaled Agile Framework (SAFe): Nur aufgebl\u00e4hte B\u00fcrokratie oder ein sinnvoller Enabler f\u00fcr Business-Agilit\u00e4t? \u2013 Almudena Rodriguez Pardo (Rodriguez Pardo &amp; Assocs) Customer-centric innovation in a highly regulated financial environment \u2013 Raiffeisen Bank International Learning and Agility. Is this the&lt;\/p&gt;\\n","url":"https:\/\/www.conect.at\/en\/veranstaltung\/agiles-mindset-und-leadership-2\/","startDate":"2022-09-19T14:00:00+02:00","endDate":"2022-09-19T17:10:00+02:00","location":{"@type":"Place","name":"Live Online","description":"","url":"https:\/\/www.conect.at\/venue\/live-online-2","address":{"@type":"PostalAddress"},"telephone":"","sameAs":""},"organizer":{"@type":"Person","name":"Lejla Vulovic","description":"&lt;p&gt;Lejla Vulovic, Senior Agile Coach, Raiffeisen Bank International. Lejla is an agile coach, practitioner, and trainer. She is passionate about helping teams achieve their highest potential in creating valuable products and services and at the same time having engaged and motivated team members. As an agile coach in Raiffeisen Bank International, she has a unique&lt;\/p&gt;\\n","image":"https:\/\/www.conect.at\/wp-content\/uploads\/2022\/06\/vulovic\u2013lejla_2022_rgb.jpg","url":"https:\/\/www.conect.at\/speaker\/lejla-vulovic-2","telephone":"","email":"","sameAs":""},"performer":"Organization"}}