{"id":3593,"global_id":"www.conect.at\/en?id=3593","global_id_lineage":["www.conect.at\/en?id=3593"],"author":"6","status":"publish","date":"2022-03-01 15:39:59","date_utc":"2022-03-01 14:39:59","modified":"2022-08-04 15:33:06","modified_utc":"2022-08-04 13:33:06","url":"https:\/\/www.conect.at\/en\/veranstaltung\/business-architecture-und-digitale-transformationen-erfolgreich-managen-modul-4-2","rest_url":"https:\/\/www.conect.at\/en\/wp-json\/tribe\/events\/v1\/events\/3593","title":"Business-Architecture und digitale Transformationen erfolgreich managen (EAM Modul 4)","description":"<p><strong>Inhalte:<\/strong><\/p>\n<p><b>Business Architecture analysieren und optimieren (Organisation, BPM, etc.)<\/b><\/p>\n<ul>\n<li>Business und IT-Alignment, Business Requirements ermitteln<\/li>\n<li>Business-Architecture vereinbaren und positionieren (Elemente)<\/li>\n<li>Gesch\u00e4ftsmodelle (Business Model Canvas)<\/li>\n<li>Digital Business Model Innovation: EAM als Enabler f\u00fcr digitale Gesch\u00e4ftsmodelle<\/li>\n<li>Gesch\u00e4ftsprozesse als Element der Business-Architecture (incl. BPM)<\/li>\n<li>Rollen und Verantwortlichkeiten im Business Architecture Management<\/li>\n<\/ul>\n<p><b>Capability-Portfoliomanagement \u2013 Planung und Steuerung<\/b><\/p>\n<ul>\n<li>Einf\u00fchrung und Ziele<\/li>\n<li>F\u00e4higkeiten identifizieren und in Capability Map erfassen<\/li>\n<li>Business-Capabilities analysieren und bewerten<\/li>\n<li>Ma\u00dfnahmenentwicklung<\/li>\n<li>Produktsteuerung<\/li>\n<\/ul>\n<p><b>Gesch\u00e4ftsprozesse mit EAM-Unterst\u00fctzung digitalisieren und automatisieren (Process Automation)\u00a0<\/b><\/p>\n<ul>\n<li>Gesch\u00e4ftsprozesse mit EAM digitalisieren<\/li>\n<li>Automatisierung und Selbststeuerung von Prozessen mit EAM planen<\/li>\n<li>Monitoring von Gesch\u00e4ftsprozessen<\/li>\n<\/ul>\n<p><strong>Digitalisierungsstrategien und EAM-Umsetzung<\/strong><\/p>\n<ul>\n<li>Business-Mapping von Applikationen als Schl\u00fcssel f\u00fcr digitale Transformation<\/li>\n<li>Digital Health- und Maturit\u00e4ts-Analysen auswerten<\/li>\n<li>Gesch\u00e4ftsmodelle und Digital Product Roadmap<\/li>\n<li>Innovations-Analysen und digitaler Masterplan<\/li>\n<\/ul>\n<p><strong>Handlungsfelder &amp; Szenarien f\u00fcr EA-UseCases \u2013 Projekt-Beispiele zur digitalen Transformation<\/strong><\/p>\n<ul>\n<li>Aufgabe \u00bbDigital Workplace-Management\u00ab: Digitale Arbeitsplatz-L\u00f6sungen planen und<br \/>\numsetzen<\/li>\n<li>Aufgabe \u00bbProcess Digitisation und Automation\u00ab: Gesch\u00e4ftsprozesse digital ausrichten und verankern<\/li>\n<li>Use-Case-Entwicklungen f\u00fcr digitale Transformationen<\/li>\n<li>API-Management: Applikationslandschaft mit digitalen Technologien modernisieren<\/li>\n<li>Digital Platform Management: Digitale Produkte\/Services entwickeln\/beschaffen und<br \/>\nbetreiben<\/li>\n<\/ul>\n<p><b>Erg\u00e4nzendes Praxisbeispiel: <\/b>Ein Ziel \u2013 viele Wege: Produkt-Steuerung durch<br \/>\nunternehmensweites Architekturmanagement mit Gustav Mirth und Marco Todesca (Bundesrechenzentrum\/BRZ Wien)<\/p>","excerpt":"","slug":"business-architecture-und-digitale-transformationen-erfolgreich-managen-modul-4-2","image":false,"all_day":false,"start_date":"2022-10-18 09:00:00","start_date_details":{"year":"2022","month":"10","day":"18","hour":"09","minutes":"00","seconds":"00"},"end_date":"2022-10-18 17:00:00","end_date_details":{"year":"2022","month":"10","day":"18","hour":"17","minutes":"00","seconds":"00"},"utc_start_date":"2022-10-18 07:00:00","utc_start_date_details":{"year":"2022","month":"10","day":"18","hour":"07","minutes":"00","seconds":"00"},"utc_end_date":"2022-10-18 15:00:00","utc_end_date_details":{"year":"2022","month":"10","day":"18","hour":"15","minutes":"00","seconds":"00"},"timezone":"Europe\/Vienna","timezone_abbr":"CEST","cost":"","cost_details":{"currency_symbol":"","currency_position":"","values":[]},"website":"","show_map":false,"show_map_link":false,"hide_from_listings":false,"sticky":false,"featured":false,"categories":[{"name":"Live Online Seminare","slug":"live-online-seminare","term_group":0,"term_taxonomy_id":18,"taxonomy":"tribe_events_cat","description":"","parent":0,"count":303,"filter":"raw","id":18,"urls":{"self":"https:\/\/www.conect.at\/en\/wp-json\/tribe\/events\/v1\/categories\/18","collection":"https:\/\/www.conect.at\/en\/wp-json\/tribe\/events\/v1\/categories"}},{"name":"Seminare","slug":"seminare","term_group":0,"term_taxonomy_id":3,"taxonomy":"tribe_events_cat","description":"","parent":0,"count":365,"filter":"raw","id":3,"urls":{"self":"https:\/\/www.conect.at\/en\/wp-json\/tribe\/events\/v1\/categories\/3","collection":"https:\/\/www.conect.at\/en\/wp-json\/tribe\/events\/v1\/categories"}}],"tags":[{"name":"Enterprise und Software-Architektur","slug":"enterprise-und-software-architektur","term_group":0,"term_taxonomy_id":29,"taxonomy":"post_tag","description":"","parent":0,"count":192,"filter":"raw","id":29,"urls":{"self":"https:\/\/www.conect.at\/en\/wp-json\/tribe\/events\/v1\/tags\/29","collection":"https:\/\/www.conect.at\/en\/wp-json\/tribe\/events\/v1\/tags"}}],"venue":{"id":2601,"author":"6","status":"publish","date":"2021-07-29 16:02:53","date_utc":"2021-07-29 14:02:53","modified":"2021-07-29 16:02:53","modified_utc":"2021-07-29 14:02:53","url":"https:\/\/www.conect.at\/venue\/je-nach-lage-vor-ort-oder-online","venue":"je nach Lage vor Ort oder Online","slug":"je-nach-lage-vor-ort-oder-online","json_ld":{"@type":"Place","name":"je nach Lage vor Ort oder Online","description":"","url":"https:\/\/www.conect.at\/venue\/je-nach-lage-vor-ort-oder-online","address":{"@type":"PostalAddress"},"telephone":"","sameAs":""},"show_map":true,"show_map_link":true,"global_id":"www.conect.at\/en?id=2601","global_id_lineage":["www.conect.at\/en?id=2601"]},"organizer":[{"id":603,"author":"1","status":"publish","date":"2020-07-22 09:33:36","date_utc":"2020-07-22 07:33:36","modified":"2021-11-09 17:20:44","modified_utc":"2021-11-09 16:20:44","url":"https:\/\/www.conect.at\/speaker\/ernst-tiemeyer","organizer":"Ernst Tiemeyer","description":"<p>Ernst Tiemeyer ist seit Jahren als Consultant, Hochschuldozent, Management-Trainer und Fachjournalist f\u00fcr strategisches IT-Management, Enterprise Architecture Management und IT-Governance\/Risk und Compliance Management t\u00e4tig. Er war und ist bis heute in leitenden Projektfunktionen sowie als IT-Consultant und im Bildungsbereich (Hochschulen\/Fachhochschulen) bzw. Managementtraining t\u00e4tig. Er ist Herausgeber renommierter Handb\u00fccher und Autor von mehr als 100 Fachb\u00fcchern zu verschiedenen Themenbereichen des strategischen und operativen IT-Management (Schwerpunkte ITStrategien, EAM, IT-Governance).<\/p>","slug":"ernst-tiemeyer","image":{"url":"https:\/\/www.conect.at\/wp-content\/uploads\/2020\/07\/tiemeyer_ernst_2018_rgb.jpg","id":604,"extension":"jpg","width":450,"height":600,"sizes":{"medium":{"width":225,"height":300,"mime-type":"image\/jpeg","url":"https:\/\/www.conect.at\/wp-content\/uploads\/2020\/07\/tiemeyer_ernst_2018_rgb-225x300.jpg"},"conect-media":{"width":283,"height":400,"mime-type":"image\/jpeg","url":"https:\/\/www.conect.at\/wp-content\/uploads\/2020\/07\/tiemeyer_ernst_2018_rgb-283x400.jpg"},"speaker-image":{"width":135,"height":135,"mime-type":"image\/jpeg","url":"https:\/\/www.conect.at\/wp-content\/uploads\/2020\/07\/tiemeyer_ernst_2018_rgb-135x135.jpg"},"widget-thumbnail":{"width":75,"height":75,"mime-type":"image\/jpeg","url":"https:\/\/www.conect.at\/wp-content\/uploads\/2020\/07\/tiemeyer_ernst_2018_rgb-75x75.jpg"}}},"json_ld":{"@type":"Person","name":"Ernst Tiemeyer","description":"&lt;p&gt;Ernst Tiemeyer ist seit Jahren als Consultant, Hochschuldozent, Management-Trainer und Fachjournalist f\u00fcr strategisches IT-Management, Enterprise Architecture Management und IT-Governance\/Risk und Compliance Management t\u00e4tig. Er war und ist bis heute in leitenden Projektfunktionen sowie als IT-Consultant und im Bildungsbereich (Hochschulen\/Fachhochschulen) bzw. Managementtraining t\u00e4tig. Er ist Herausgeber renommierter Handb\u00fccher und Autor von mehr als 100 Fachb\u00fcchern zu&lt;\/p&gt;\\n","image":"https:\/\/www.conect.at\/wp-content\/uploads\/2020\/07\/tiemeyer_ernst_2018_rgb.jpg","url":"https:\/\/www.conect.at\/speaker\/ernst-tiemeyer","telephone":"","email":"","sameAs":""},"global_id":"www.conect.at\/en?id=603","global_id_lineage":["www.conect.at\/en?id=603"]},{"id":1252,"author":"6","status":"publish","date":"2021-03-09 12:35:11","date_utc":"2021-03-09 11:35:11","modified":"2022-06-07 15:13:35","modified_utc":"2022-06-07 13:13:35","url":"https:\/\/www.conect.at\/speaker\/andreas-pirkner","organizer":"Andreas Pirkner","description":"<p>Andreas Pirkner war nach dem Wirtschaftsingenieur-Studium an der Technischen Universit\u00e4t Wien zun\u00e4chst als Projektleiter im IT-Bereich t\u00e4tig. Nach mehreren Jahren in verschiedenen Funktionen im Bankenbereich, sowohl auf Business- als auch auf IT-Seite, ist er nun verantwortlich f\u00fcr Enterprise Architecture Management und IT-Strategie bei der Erste Asset Management GmbH, einer Tochter der Erste Group Bank AG.<\/p>","slug":"andreas-pirkner","image":{"url":"https:\/\/www.conect.at\/wp-content\/uploads\/edd\/2021\/03\/pirkner_andreas_2018_rgb-\u00a9-www.fotoweinwurm.at_.jpg","id":1251,"extension":"jpg","width":450,"height":600,"sizes":{"medium":{"width":225,"height":300,"mime-type":"image\/jpeg","url":"https:\/\/www.conect.at\/wp-content\/uploads\/edd\/2021\/03\/pirkner_andreas_2018_rgb-\u00a9-www.fotoweinwurm.at_-225x300.jpg"},"conect-media":{"width":283,"height":400,"mime-type":"image\/jpeg","url":"https:\/\/www.conect.at\/wp-content\/uploads\/edd\/2021\/03\/pirkner_andreas_2018_rgb-\u00a9-www.fotoweinwurm.at_-283x400.jpg"},"speaker-image":{"width":135,"height":135,"mime-type":"image\/jpeg","url":"https:\/\/www.conect.at\/wp-content\/uploads\/edd\/2021\/03\/pirkner_andreas_2018_rgb-\u00a9-www.fotoweinwurm.at_-135x135.jpg"},"speaker-portrait":{"width":101,"height":135,"mime-type":"image\/jpeg","url":"https:\/\/www.conect.at\/wp-content\/uploads\/edd\/2021\/03\/pirkner_andreas_2018_rgb-\u00a9-www.fotoweinwurm.at_-101x135.jpg"},"post-grid":{"width":113,"height":150,"mime-type":"image\/jpeg","url":"https:\/\/www.conect.at\/wp-content\/uploads\/edd\/2021\/03\/pirkner_andreas_2018_rgb-\u00a9-www.fotoweinwurm.at_-113x150.jpg"},"widget-thumbnail":{"width":75,"height":75,"mime-type":"image\/jpeg","url":"https:\/\/www.conect.at\/wp-content\/uploads\/edd\/2021\/03\/pirkner_andreas_2018_rgb-\u00a9-www.fotoweinwurm.at_-75x75.jpg"}}},"json_ld":{"@type":"Person","name":"Andreas Pirkner","description":"&lt;p&gt;Andreas Pirkner war nach dem Wirtschaftsingenieur-Studium an der Technischen Universit\u00e4t Wien zun\u00e4chst als Projektleiter im IT-Bereich t\u00e4tig. Nach mehreren Jahren in verschiedenen Funktionen im Bankenbereich, sowohl auf Business- als auch auf IT-Seite, ist er nun verantwortlich f\u00fcr Enterprise Architecture Management und IT-Strategie bei der Erste Asset Management GmbH, einer Tochter der Erste Group Bank AG.&lt;\/p&gt;\\n","image":"https:\/\/www.conect.at\/wp-content\/uploads\/edd\/2021\/03\/pirkner_andreas_2018_rgb-\u00a9-www.fotoweinwurm.at_.jpg","url":"https:\/\/www.conect.at\/speaker\/andreas-pirkner","telephone":"","email":"","sameAs":""},"global_id":"www.conect.at\/en?id=1252","global_id_lineage":["www.conect.at\/en?id=1252"]}],"json_ld":{"@context":"http:\/\/schema.org","@type":"Event","name":"Business-Architecture und digitale Transformationen erfolgreich managen (EAM Modul 4)","description":"&lt;p&gt;Inhalte: Business Architecture analysieren und optimieren (Organisation, BPM, etc.) Business und IT-Alignment, Business Requirements ermitteln Business-Architecture vereinbaren und positionieren (Elemente) Gesch\u00e4ftsmodelle (Business Model Canvas) Digital Business Model Innovation: EAM als Enabler f\u00fcr digitale Gesch\u00e4ftsmodelle Gesch\u00e4ftsprozesse als Element der Business-Architecture (incl. BPM) Rollen und Verantwortlichkeiten im Business Architecture Management Capability-Portfoliomanagement \u2013 Planung und Steuerung Einf\u00fchrung und&lt;\/p&gt;\\n","url":"https:\/\/www.conect.at\/en\/veranstaltung\/business-architecture-und-digitale-transformationen-erfolgreich-managen-modul-4-2\/","startDate":"2022-10-18T09:00:00+02:00","endDate":"2022-10-18T17:00:00+02:00","location":{"@type":"Place","name":"je nach Lage vor Ort oder Online","description":"","url":"https:\/\/www.conect.at\/venue\/je-nach-lage-vor-ort-oder-online","address":{"@type":"PostalAddress"},"telephone":"","sameAs":""},"organizer":{"@type":"Person","name":"Ernst Tiemeyer","description":"&lt;p&gt;Ernst Tiemeyer ist seit Jahren als Consultant, Hochschuldozent, Management-Trainer und Fachjournalist f\u00fcr strategisches IT-Management, Enterprise Architecture Management und IT-Governance\/Risk und Compliance Management t\u00e4tig. Er war und ist bis heute in leitenden Projektfunktionen sowie als IT-Consultant und im Bildungsbereich (Hochschulen\/Fachhochschulen) bzw. Managementtraining t\u00e4tig. Er ist Herausgeber renommierter Handb\u00fccher und Autor von mehr als 100 Fachb\u00fcchern zu&lt;\/p&gt;\\n","image":"https:\/\/www.conect.at\/wp-content\/uploads\/2020\/07\/tiemeyer_ernst_2018_rgb.jpg","url":"https:\/\/www.conect.at\/speaker\/ernst-tiemeyer","telephone":"","email":"","sameAs":""},"performer":"Organization"}}