{"id":1557,"global_id":"www.conect.at\/en?id=1557","global_id_lineage":["www.conect.at\/en?id=1557"],"author":"6","status":"publish","date":"2021-04-01 10:08:04","date_utc":"2021-04-01 08:08:04","modified":"2021-04-01 15:57:59","modified_utc":"2021-04-01 13:57:59","url":"https:\/\/www.conect.at\/en\/veranstaltung\/webinar-home-office-mobile-office-arbeiten-unabhaengig-von-raum-und-zeit","rest_url":"https:\/\/www.conect.at\/en\/wp-json\/tribe\/events\/v1\/events\/1557","title":"Webinar: Home Office, Mobile Office \u2013 Arbeiten unabh\u00e4ngig von Raum und Zeit","description":"","excerpt":"","slug":"webinar-home-office-mobile-office-arbeiten-unabhaengig-von-raum-und-zeit","image":false,"all_day":false,"start_date":"2020-04-01 16:00:00","start_date_details":{"year":"2020","month":"04","day":"01","hour":"16","minutes":"00","seconds":"00"},"end_date":"2020-04-01 17:00:00","end_date_details":{"year":"2020","month":"04","day":"01","hour":"17","minutes":"00","seconds":"00"},"utc_start_date":"2020-04-01 14:00:00","utc_start_date_details":{"year":"2020","month":"04","day":"01","hour":"14","minutes":"00","seconds":"00"},"utc_end_date":"2020-04-01 15:00:00","utc_end_date_details":{"year":"2020","month":"04","day":"01","hour":"15","minutes":"00","seconds":"00"},"timezone":"Europe\/Vienna","timezone_abbr":"CEST","cost":"","cost_details":{"currency_symbol":"","currency_position":"","values":[]},"website":"","show_map":false,"show_map_link":false,"hide_from_listings":false,"sticky":false,"featured":false,"categories":[{"name":"Webkonferenzen","slug":"webkonferenzen","term_group":0,"term_taxonomy_id":17,"taxonomy":"tribe_events_cat","description":"","parent":0,"count":53,"filter":"raw","id":17,"urls":{"self":"https:\/\/www.conect.at\/en\/wp-json\/tribe\/events\/v1\/categories\/17","collection":"https:\/\/www.conect.at\/en\/wp-json\/tribe\/events\/v1\/categories"}}],"tags":[],"venue":[],"organizer":[{"id":806,"author":"6","status":"publish","date":"2021-04-01 10:08:04","date_utc":"2021-04-01 08:08:04","modified":"2021-08-18 13:08:34","modified_utc":"2021-08-18 11:08:34","url":"https:\/\/www.conect.at\/speaker\/kurt-glatz","organizer":"Kurt Glatz","description":"<p>Kurt Glatz hatte bei Alcatel-Lucent Enterprise und deren Vorgesellschaften \u00fcber die letzten Jahre verschiedene Leadership Aufgaben inne. Seit 1. 1. 2017 leitet er den Bereich Carriers und Service Provider f\u00fcr Europe and North (DACH, BENELUX, Central and Eastern Europe). Er besch\u00e4ftigt sich seit l\u00e4ngerer Zeit mit Marktanalysen im Bereich Telekommunikation.<\/p>","slug":"kurt-glatz","image":{"url":"https:\/\/www.conect.at\/wp-content\/uploads\/2020\/09\/Glatz.png","id":807,"extension":"png","width":141,"height":198,"sizes":{"speaker-image":{"width":135,"height":135,"mime-type":"image\/png","url":"https:\/\/www.conect.at\/wp-content\/uploads\/2020\/09\/Glatz-135x135.png"},"speaker-portrait":{"width":101,"height":135,"mime-type":"image\/png","url":"https:\/\/www.conect.at\/wp-content\/uploads\/2020\/09\/Glatz-101x135.png"},"post-grid":{"width":107,"height":150,"mime-type":"image\/png","url":"https:\/\/www.conect.at\/wp-content\/uploads\/2020\/09\/Glatz-107x150.png"},"widget-thumbnail":{"width":75,"height":75,"mime-type":"image\/png","url":"https:\/\/www.conect.at\/wp-content\/uploads\/2020\/09\/Glatz-75x75.png"}}},"json_ld":{"@type":"Person","name":"Kurt Glatz","description":"&lt;p&gt;Kurt Glatz hatte bei Alcatel-Lucent Enterprise und deren Vorgesellschaften \u00fcber die letzten Jahre verschiedene Leadership Aufgaben inne. Seit 1. 1. 2017 leitet er den Bereich Carriers und Service Provider f\u00fcr Europe and North (DACH, BENELUX, Central and Eastern Europe). Er besch\u00e4ftigt sich seit l\u00e4ngerer Zeit mit Marktanalysen im Bereich Telekommunikation.&lt;\/p&gt;\\n","image":"https:\/\/www.conect.at\/wp-content\/uploads\/2020\/09\/Glatz.png","url":"https:\/\/www.conect.at\/speaker\/kurt-glatz","telephone":"","email":"","sameAs":""},"global_id":"www.conect.at\/en?id=806","global_id_lineage":["www.conect.at\/en?id=806"]}],"json_ld":{"@context":"http:\/\/schema.org","@type":"Event","name":"Webinar: Home Office, Mobile Office \u2013 Arbeiten unabh\u00e4ngig von Raum und Zeit","description":"","url":"https:\/\/www.conect.at\/en\/veranstaltung\/webinar-home-office-mobile-office-arbeiten-unabhaengig-von-raum-und-zeit\/","startDate":"2020-04-01T16:00:00+02:00","endDate":"2020-04-01T17:00:00+02:00","organizer":{"@type":"Person","name":"Kurt Glatz","description":"&lt;p&gt;Kurt Glatz hatte bei Alcatel-Lucent Enterprise und deren Vorgesellschaften \u00fcber die letzten Jahre verschiedene Leadership Aufgaben inne. Seit 1. 1. 2017 leitet er den Bereich Carriers und Service Provider f\u00fcr Europe and North (DACH, BENELUX, Central and Eastern Europe). Er besch\u00e4ftigt sich seit l\u00e4ngerer Zeit mit Marktanalysen im Bereich Telekommunikation.&lt;\/p&gt;\\n","image":"https:\/\/www.conect.at\/wp-content\/uploads\/2020\/09\/Glatz.png","url":"https:\/\/www.conect.at\/speaker\/kurt-glatz","telephone":"","email":"","sameAs":""},"performer":"Organization"}}