{"id":11104,"global_id":"www.conect.at\/en?id=11104","global_id_lineage":["www.conect.at\/en?id=11104"],"author":"6","status":"publish","date":"2026-04-28 16:31:14","date_utc":"2026-04-28 14:31:14","modified":"2026-04-28 16:31:14","modified_utc":"2026-04-28 14:31:14","url":"https:\/\/www.conect.at\/en\/veranstaltung\/kuenstliche-intelligenz-einfuehrung-ueberblick-als-voraussetzung-fuer-das-ai-zertifikat-nach-dem-ai-act-12","rest_url":"https:\/\/www.conect.at\/en\/wp-json\/tribe\/events\/v1\/events\/11104","title":"K\u00fcnstliche Intelligenz: Einf\u00fchrung &amp; \u00dcberblick als Voraussetzung f\u00fcr das AI-Zertifikat nach dem AI-Act","description":"<h3><img loading=\"lazy\" class=\"alignright wp-image-10701 \" src=\"https:\/\/www.conect.at\/wp-content\/uploads\/2025\/08\/kdz_2012_rgb.png\" alt=\"\" width=\"167\" height=\"129\" srcset=\"https:\/\/www.conect.at\/wp-content\/uploads\/2025\/08\/kdz_2012_rgb.png 800w, https:\/\/www.conect.at\/wp-content\/uploads\/2025\/08\/kdz_2012_rgb-500x386.png 500w, https:\/\/www.conect.at\/wp-content\/uploads\/2025\/08\/kdz_2012_rgb-768x592.png 768w, https:\/\/www.conect.at\/wp-content\/uploads\/2025\/08\/kdz_2012_rgb-194x150.png 194w\" sizes=\"(max-width: 167px) 100vw, 167px\" \/><\/h3>\n<p><span style=\"color: #ffffff\">.<\/span><\/p>\n<h3>Eine Veranstaltung des KDZ in<br \/>\nKooperation mit CON\u2022ECT BUSINESS ACADEMY<\/h3>\n<h4><span style=\"color: #ffffff\">.<\/span><\/h4>\n<h4>Wichtig zu wissen!<\/h4>\n<p>Seit Februar 2025 gilt die EU-KI-Verordnung. Diese verpflichtet alle Unternehmen &#8211; unabh\u00e4ngig von ihrer Gr\u00f6\u00dfe &#8211; sicherzustellen, dass Mitarbeitende mit KI-Bezug \u00fcber ausreichende KI-Kompetenzen verf\u00fcgen.<\/p>\n<p>Dies gilt ebenso f\u00fcr die \u00f6ffentliche Verwaltung: \u201eBetriebe\u201c, \u201e\u00f6ffentliche Unternehmen\u201c sowie die gesamte (kommunale) Verwaltung.<\/p>\n<p>Gem\u00e4\u00df den Regeln von EU-Parlament und Rat zum Umgang mit k\u00fcnstlicher Intelligenz (KI) sollen seit 2. Februar 2025 Mitarbeitende \u00fcber die im Unternehmen eingesetzten KI-Systeme nachweislich geschult werden (inklusive Dokumentation).<\/p>\n<p>*Siehe EU-Verordnung 2024\/1689 \u00fcber k\u00fcnstliche Intelligenz (AI Act) Amtsblatt L vom 12.7.2024<\/p>\n<h4><span style=\"color: #ffffff\">.<\/span><br \/>\nZielgruppe<\/h4>\n<p>Konzipiert f\u00fcr die \u00f6ffentliche Verwaltung, speziell:<\/p>\n<ul>\n<li>F\u00fchrungskr\u00e4fte auf allen Stufen<\/li>\n<li>Mitarbeitende, die ausreichend \u00fcber KI-Kompetenzen verf\u00fcgen sowie Risiken erkennen sollen<\/li>\n<li>Kommunikation<\/li>\n<li>Personal und Human Relations<\/li>\n<\/ul>\n<p>In unserem halbt\u00e4gigen KI-F\u00fchrerschein entdecken Sie, wie K\u00fcnstliche Intelligenz den Arbeitsalltag leichter und effizienter macht &#8211; von smartem Prompting bis zu wichtigen Aspekten wie Risiken und Compliance.<\/p>\n<h4><span style=\"color: #ffffff\">.<\/span><\/h4>\n<h4>Nutzen<\/h4>\n<ul>\n<li>AI-Managementsystem nach ISO 42001:\n<ul>\n<li>Sicherstellen eines AI-Einsatzes mit einem AIMS<\/li>\n<\/ul>\n<\/li>\n<li>KI Compliance:\n<ul>\n<li>Anforderungen verstehen und erf\u00fcllen<\/li>\n<li>Vorgaben aus Datenschutz-, Urheber- und Produkthaftungsrecht<\/li>\n<\/ul>\n<\/li>\n<\/ul>\n<h4><span style=\"color: #ffffff\">.<\/span><\/h4>\n<h4>Ziel<\/h4>\n<ul>\n<li>KI spielerisch verstehen: Grundlagen und Chancen von KI im Arbeitsalltag entdecken<\/li>\n<li>Clever einsetzen: Effizienz steigern mit kreativem Prompting &amp; smarten Tools<\/li>\n<li>Sicher handeln: Risiken erkennen und KI-Compliance souver\u00e4n meistern<\/li>\n<\/ul>\n<h4><span style=\"color: #ffffff\">.<\/span><\/h4>\n<h4>Programmschwerpunkte<\/h4>\n<ul>\n<li>KI verstehen\n<ul>\n<li>Grundwissen, Konzepte und Begriffe &#8211; Chancen und Grenzen von KI<\/li>\n<\/ul>\n<\/li>\n<li>Effizienzsteigerung mit KI\n<ul>\n<li>Prompting Engineering Techniken<\/li>\n<li>Recherche<\/li>\n<li>Dokumenten- und Pr\u00e4sentationserstellung<\/li>\n<li>Abl\u00e4ufe<\/li>\n<li>Automatisierung von Business-Abl\u00e4ufen<\/li>\n<\/ul>\n<\/li>\n<li>KI Anwendungsbeispiele f\u00fcr die \u00f6ffentliche Verwaltung<\/li>\n<\/ul>\n<h4><span style=\"color: #ffffff\">.<\/span><\/h4>\n<h4>Vortragende<\/h4>\n<ul>\n<li><strong>Mathias Traugott, BBA<\/strong>, ITIL Master &amp; IT Governance Experte verinnerlicht konsequente, praktizierte Kundenorientierung seit seinen verantwortlichen Positionen rund um die Flugabfertigungs-Services und als Leiter Customer Care bei der IT Organisation der Swissair, der ehemaligen schweizerischen Fluggesellschaft. Als Verantwortlicher des ganzheitlichen ITSM-Programmes beim gr\u00f6\u00dften schweizerischen Mobilfunkanbieter (3-facher Awardgewinner) legte er die Basis f\u00fcr die Beraterlaufbahn. Inzwischen agiert Mathias Traugott als Principal Consultant, Facilitator &amp; Trainer in VeriSM\u2122, Scrum, DevOps, ITIL\u00ae, COBIT\u00ae, Hermes sowie als CEO der Punctdavista AG. Als Beirat beim itSMF Deutschland, weltweiter Keynote-Speaker und Autor gibt er seine Erfahrungen weiter und pr\u00e4gt das Thema Service Provider in der digitalen Welt aktiv mit.<\/li>\n<li><strong>Mag. Thomas Prorok<\/strong>, Gesch\u00e4ftsf\u00fchrer des KDZ &#8211; Zentrum f\u00fcr Verwaltungsforschung, besch\u00e4ftigt sich mit aktuellen Fragen der Reform des \u00f6ffentlichen Sektors und Dezentralisierung, Common Assessment Framework (CAF), Quality Management, Effective Governance and Organisational Development, Fragen der Europ\u00e4ischen Integration &amp; Local Public Governance.<\/li>\n<\/ul>\n<h4><span style=\"color: #ffffff\">.<\/span><\/h4>\n<h4>Methodik<\/h4>\n<p>Vorab-Video zur Einf\u00fchrung und Selbststudium, Trainerinput, Diskussion, Fragen &amp; Austausch<\/p>\n<h4><span style=\"color: #ffffff\">.<\/span><\/h4>\n<h4>Teilnahme Nachweis &#8211; W\u00e4hlen Sie wie folgt<\/h4>\n<ul>\n<li>Teilnahmebest\u00e4tigung<\/li>\n<li>Zertifikat &#8211; Bei Teilnahme an der Online-Zertifikatspr\u00fcfung durch Future Network Cert erhalten Sie einen Nachweis gem\u00e4\u00df den Anforderungen des EU AI ACTS (Details finden Sie auf Anfrage bzw. unter <a href=\"http:\/\/www.future-network-cert.at\/\">www.future-network-cert.at<\/a> )\n<ul>\n<li>Pr\u00fcfungskosten Future Network Cert: \u20ac 75,00 exkl. Umsatzsteuer<\/li>\n<\/ul>\n<\/li>\n<\/ul>\n<h4><span style=\"color: #ffffff\">.<\/span><\/h4>\n<h4>Dauer &#8211; Unterrichtseinheiten<\/h4>\n<p><strong>20.04.2026, 09.00-12.00 Uhr, Online via Zoom<\/strong><\/p>\n<ul>\n<li>1-st\u00fcndiges Vorab Video zur Einf\u00fchrung<\/li>\n<li>3-st\u00fcndiges Live Online Webinar<\/li>\n<li>Optional: 1-st\u00fcndige Zertifikatspr\u00fcfung Online durchgef\u00fchrt von Future Network Cert<\/li>\n<\/ul>\n<h4><span style=\"color: #ffffff\">.<\/span><\/h4>\n<h4>Ort<\/h4>\n<p>Online &#8211; im virtuellen Seminarraum via ZOOM<\/p>\n<h4><span style=\"color: #ffffff\">.<\/span><\/h4>\n<h4>Technische Ausstattung<\/h4>\n<p>Dieses Live-Webinar, das online via Videokonferenz durchgef\u00fchrt wird, l\u00e4uft \u00e4hnlich ab wie ein Vor-Ort-Seminar. Ihre Vortragenden werden Ihnen die Inhalte in gewohnter Form pr\u00e4sentieren und vermitteln. Sie werden mit Ihnen \u00fcber Video-Chat diskutieren bzw. Ihre Fragen schriftlich mittels Chatfunktion beantworten. Als technische Ausstattung ben\u00f6tigen Sie ein elektronisches Ger\u00e4t, mit dem Sie Video-Chatten oder mittels schriftlicher Chatfunktion Fragen stellen k\u00f6nnen.<\/p>\n<p>Sie ben\u00f6tigen daher:<\/p>\n<ul>\n<li>Laptop\/Tablet oder einen Stand-Computer (inkl. Kamera, Mikrofon und Lautsprecher oder Head-Set)<\/li>\n<li>eine stabile Internetverbindung<\/li>\n<li>einen aktuellen Internetbrowser<\/li>\n<\/ul>\n<p>Eine Teilnahme ist nur m\u00f6glich, wenn Sie w\u00e4hrend des Workshops vollen Zugang mit einem elektronischen Endger\u00e4t (Laptop, Tablet oder PC inkl. Kamera, Mikrofon und Lautsprecher oder Head-Set) haben und Sie sich interaktiv einbringen k\u00f6nnen (Teilnahme an Breakout-Sessions, virtuellen Whiteboards etc.).<\/p>\n<p>Nach Ablauf des Anmeldeschlusses erhalten Sie per E-Mail einen Teilnahmelink, mit dem Sie \u00fcber Ihren Internetbrowser an dem Live-Webinar teilnehmen k\u00f6nnen. Am Seminartag k\u00f6nnen Sie bereits eine halbe Stunde vor Beginn dem Webinar beitreten und Ihre Technik testen, falls erforderlich. Sollte hinsichtlich Technik Unsicherheit bestehen, nutzen Sie bitte diesen Check und treten Sie fr\u00fchzeitig dem Webinar bei, um technische Einstiegs-Probleme zu vermeiden.<\/p>\n<h4><span style=\"color: #ffffff\">.<\/span><\/h4>\n<h4>Seminarpreis<\/h4>\n<p>\u20ac 390,00 exkl. 20 % Umsatzsteuer und \u20ac 312,00 exkl. 20 % Umsatzsteuer f\u00fcr f\u00f6rdernde Mitglieder des KDZ.<\/p>\n<p><u>Optional<\/u>: 1-st\u00fcndige Zertifikatspr\u00fcfung &#8211; Online durchgef\u00fchrt von Future Network Cert<\/p>\n<p><u>Kosten<\/u>: \u20ac 75,00 exkl. Umsatzsteuer<\/p>\n<p>Im Betrag inbegriffen sind s\u00e4mtliche elektronische Seminarunterlagen (pdf-Dokumente online abrufbar).<\/p>\n<p>Stornierung: Stornos k\u00f6nnen nur bei schriftlicher Absage anerkannt werden. Bis 4 Wochen vor Seminarbeginn entf\u00e4llt die Stornogeb\u00fchr, ab 4 Wochen vor Seminarbeginn betr\u00e4gt sie 30 %, ab 2 Wochen vor Seminarbeginn 50 %, bei Nichtteilnahme wird der volle Betrag verrechnet. Wird eine Ersatzperson gemeldet, entf\u00e4llt die Stornogeb\u00fchr. Zielgruppe von KDZ-Seminaren &amp; Veranstaltungen: Die Seminare und Veranstaltungen des KDZ richten sich an Bedienstete von Gemeinden &amp; Gemeindeverb\u00e4nden, L\u00e4ndern, Bund und deren Betrieben sowie an Politiker*innen.<\/p>\n<h4><span style=\"color: #ffffff\">.<\/span><\/h4>\n<h4>Anmeldeschluss<\/h4>\n<p>05.05.2026<\/p>\n<h4><span style=\"color: #ffffff\">.<\/span><\/h4>\n<h4>Allgemeine Gesch\u00e4ftsbedingungen &amp; Datenschutz<\/h4>\n<p>Hinweis zum Datenschutz: Im Zuge der Durchf\u00fchrung einer KDZ-Weiterbildungsveranstaltung verarbeiten wir personenbezogene Daten von Ihnen (Name, Kontaktdaten, Organisation) und geben diese zu Vorbereitungszwecken an Vortragende weiter. F\u00fcr die elektronische Abwicklung von Webinaren wird der Anbieterdienst \u201eZOOM\u201c verwendet. Mit Buchung des Webinars stimmen Sie zu, f\u00fcr die Online-Abwicklung im Falle der technischen Erforderlichkeit ggf. ihre E-Mail-Adresse weiterzugeben. Weitere Informationen sind den einschl\u00e4gigen Datenschutzrichtlinien (<a href=\"https:\/\/zoom.us\/de-de\/privacy.html\">https:\/\/zoom.us\/de-de\/privacy.html<\/a>) zu entnehmen. Mit Ihrer Anmeldung akzeptieren Sie die Allgemeinen Gesch\u00e4ftsbedingungen der KDZ-Weiterbildung. Diese finden Sie auf unseren Internetseiten unter folgendem Link: <a href=\"http:\/\/www.kdz.eu\/de\/geschaeftsbedingungen_weiterbildung.\">http:\/\/www.kdz.eu\/de\/geschaeftsbedingungen_weiterbildung.<\/a><\/p>\n<h4><span style=\"color: #ffffff\">.<\/span><\/h4>\n<h4>Elektronische Seminarunterlagen (pdf-Dokumente online abrufbar)<\/h4>\n<p>Die Seminarunterlagen f\u00fcr diese Weiterbildungsveranstaltung werden Ihnen ausschlie\u00dflich in elektronischer Form &#8211; in einem gesch\u00fctzten Bereich auf der KDZ-Website f\u00fcr insgesamt drei Wochen &#8211; bereitgestellt. Ihre Seminarunterlagen werden Sie fr\u00fchestens sieben Tage vor dem Seminartermin online abrufen k\u00f6nnen. Um Ihre Seminarunterlagen abrufen zu k\u00f6nnen, ben\u00f6tigen Sie einen Zugang auf unserer KDZ-Website in Form einer Registrierung mit Ihrer pers\u00f6nlichen E-Mail-Adresse. Im Idealfall registrieren Sie sich bitte bereits im Zuge Ihrer Online-Anmeldung.<\/p>","excerpt":"","slug":"kuenstliche-intelligenz-einfuehrung-ueberblick-als-voraussetzung-fuer-das-ai-zertifikat-nach-dem-ai-act-12","image":false,"all_day":false,"start_date":"2026-05-19 09:00:00","start_date_details":{"year":"2026","month":"05","day":"19","hour":"09","minutes":"00","seconds":"00"},"end_date":"2026-05-19 12:00:00","end_date_details":{"year":"2026","month":"05","day":"19","hour":"12","minutes":"00","seconds":"00"},"utc_start_date":"2026-05-19 07:00:00","utc_start_date_details":{"year":"2026","month":"05","day":"19","hour":"07","minutes":"00","seconds":"00"},"utc_end_date":"2026-05-19 10:00:00","utc_end_date_details":{"year":"2026","month":"05","day":"19","hour":"10","minutes":"00","seconds":"00"},"timezone":"Europe\/Vienna","timezone_abbr":"CEST","cost":"","cost_details":{"currency_symbol":"","currency_position":"","values":[]},"website":"","show_map":false,"show_map_link":false,"hide_from_listings":false,"sticky":false,"featured":false,"categories":[{"name":"Events unserer Partner","slug":"events-unserer-partner","term_group":0,"term_taxonomy_id":5,"taxonomy":"tribe_events_cat","description":"","parent":0,"count":27,"filter":"raw","id":5,"urls":{"self":"https:\/\/www.conect.at\/en\/wp-json\/tribe\/events\/v1\/categories\/5","collection":"https:\/\/www.conect.at\/en\/wp-json\/tribe\/events\/v1\/categories"}},{"name":"Seminare","slug":"seminare","term_group":0,"term_taxonomy_id":3,"taxonomy":"tribe_events_cat","description":"","parent":0,"count":365,"filter":"raw","id":3,"urls":{"self":"https:\/\/www.conect.at\/en\/wp-json\/tribe\/events\/v1\/categories\/3","collection":"https:\/\/www.conect.at\/en\/wp-json\/tribe\/events\/v1\/categories"}}],"tags":[],"venue":{"id":2927,"author":"6","status":"publish","date":"2021-10-13 19:11:25","date_utc":"2021-10-13 17:11:25","modified":"2021-10-13 19:11:25","modified_utc":"2021-10-13 17:11:25","url":"https:\/\/www.conect.at\/venue\/live-online-2","venue":"Live Online","slug":"live-online-2","json_ld":{"@type":"Place","name":"Live Online","description":"","url":"https:\/\/www.conect.at\/venue\/live-online-2","address":{"@type":"PostalAddress"},"telephone":"","sameAs":""},"show_map":true,"show_map_link":true,"global_id":"www.conect.at\/en?id=2927","global_id_lineage":["www.conect.at\/en?id=2927"]},"organizer":[{"id":33,"author":"1","status":"publish","date":"2020-05-09 09:16:32","date_utc":"2020-05-09 07:16:32","modified":"2025-08-13 19:07:01","modified_utc":"2025-08-13 17:07:01","url":"https:\/\/www.conect.at\/speaker\/mathias-traugott","organizer":"Mathias Traugott","description":"<p>Mathias Traugott, BBA, ITIL Master &amp; IT Governance Experte verinnerlicht konsequente, praktizierte Kundenorientierung seit seinen verantwortlichen Positionen rund um die Flugabfertigungs-Services und als Leiter Customer Care bei der IT Organisation der Swissair, der ehemaligen schweizerischen Fluggesellschaft. Als Verantwortlicher des ganzheitlichen ITSM-Programmes beim gr\u00f6ssten schweizerischen Mobilfunkanbieter (3-facher Awardgewinner) legte er die Basis f\u00fcr die Beraterlaufbahn. Inzwischen agiert Mathias Traugott als Principal Consultant, Facilitator &amp; Trainer in VeriSM\u2122, Scrum, DevOps, ITIL\u00ae, COBIT\u00ae, Hermes sowie als CEO der Punctdavista AG. Als Beirat beim itSMF Deutschland, weltweiter Keynote-Speaker und Autor gibt er seine Erfahrungen weiter und pr\u00e4gt das Thema Service Provider in der digitalen Welt aktiv mit.<\/p>","slug":"mathias-traugott","image":{"url":"https:\/\/www.conect.at\/wp-content\/uploads\/2020\/05\/traugott_mathias_2018_rgb.jpg","id":7629,"extension":"jpg","width":450,"height":600,"sizes":{"medium":{"width":375,"height":500,"mime-type":"image\/jpeg","url":"https:\/\/www.conect.at\/wp-content\/uploads\/2020\/05\/traugott_mathias_2018_rgb-375x500.jpg"},"thumbnail":{"width":250,"height":250,"mime-type":"image\/jpeg","url":"https:\/\/www.conect.at\/wp-content\/uploads\/2020\/05\/traugott_mathias_2018_rgb-250x250.jpg"},"conect-media":{"width":283,"height":400,"mime-type":"image\/jpeg","url":"https:\/\/www.conect.at\/wp-content\/uploads\/2020\/05\/traugott_mathias_2018_rgb-283x400.jpg"},"speaker-image":{"width":135,"height":135,"mime-type":"image\/jpeg","url":"https:\/\/www.conect.at\/wp-content\/uploads\/2020\/05\/traugott_mathias_2018_rgb-135x135.jpg"},"speaker-portrait":{"width":101,"height":135,"mime-type":"image\/jpeg","url":"https:\/\/www.conect.at\/wp-content\/uploads\/2020\/05\/traugott_mathias_2018_rgb-101x135.jpg"},"post-grid":{"width":113,"height":150,"mime-type":"image\/jpeg","url":"https:\/\/www.conect.at\/wp-content\/uploads\/2020\/05\/traugott_mathias_2018_rgb-113x150.jpg"},"widget-thumbnail":{"width":75,"height":75,"mime-type":"image\/jpeg","url":"https:\/\/www.conect.at\/wp-content\/uploads\/2020\/05\/traugott_mathias_2018_rgb-75x75.jpg"}}},"json_ld":{"@type":"Person","name":"Mathias Traugott","description":"&lt;p&gt;Mathias Traugott, BBA, ITIL Master &amp; IT Governance Experte verinnerlicht konsequente, praktizierte Kundenorientierung seit seinen verantwortlichen Positionen rund um die Flugabfertigungs-Services und als Leiter Customer Care bei der IT Organisation der Swissair, der ehemaligen schweizerischen Fluggesellschaft. Als Verantwortlicher des ganzheitlichen ITSM-Programmes beim gr\u00f6ssten schweizerischen Mobilfunkanbieter (3-facher Awardgewinner) legte er die Basis f\u00fcr die Beraterlaufbahn. Inzwischen&lt;\/p&gt;\\n","image":"https:\/\/www.conect.at\/wp-content\/uploads\/2020\/05\/traugott_mathias_2018_rgb.jpg","url":"https:\/\/www.conect.at\/speaker\/mathias-traugott","telephone":"","email":"","sameAs":""},"global_id":"www.conect.at\/en?id=33","global_id_lineage":["www.conect.at\/en?id=33"]},{"id":2691,"author":"6","status":"publish","date":"2021-08-18 15:37:05","date_utc":"2021-08-18 13:37:05","modified":"2025-08-19 16:12:21","modified_utc":"2025-08-19 14:12:21","url":"https:\/\/www.conect.at\/speaker\/thomas-prorok","organizer":"Thomas Prorok","description":"<p class=\"p1\">Gesch\u00e4ftsf\u00fchrer des KDZ \u2013 Zentrum f\u00fcr Verwaltungsforschung, besch\u00e4ftigt sich mit aktuellen Fragen der Reform des \u00f6ffentlichen Sektors und Dezentralisierung, Common Assessment Framework (CAF), Quality Management, Effective Governance and Organisational Development, Fragen der Europ\u00e4ischen Integration &amp; Local Public Governance.<\/p>","slug":"thomas-prorok","image":{"url":"https:\/\/www.conect.at\/wp-content\/uploads\/2021\/08\/prorok_thomas_2025_rgb.jpg","id":10697,"extension":"jpg","width":450,"height":600,"sizes":{"medium":{"width":375,"height":500,"mime-type":"image\/jpeg","url":"https:\/\/www.conect.at\/wp-content\/uploads\/2021\/08\/prorok_thomas_2025_rgb-375x500.jpg"},"thumbnail":{"width":250,"height":250,"mime-type":"image\/jpeg","url":"https:\/\/www.conect.at\/wp-content\/uploads\/2021\/08\/prorok_thomas_2025_rgb-250x250.jpg"},"conect-media":{"width":283,"height":400,"mime-type":"image\/jpeg","url":"https:\/\/www.conect.at\/wp-content\/uploads\/2021\/08\/prorok_thomas_2025_rgb-283x400.jpg"},"speaker-image":{"width":135,"height":135,"mime-type":"image\/jpeg","url":"https:\/\/www.conect.at\/wp-content\/uploads\/2021\/08\/prorok_thomas_2025_rgb-135x135.jpg"},"speaker-portrait":{"width":101,"height":135,"mime-type":"image\/jpeg","url":"https:\/\/www.conect.at\/wp-content\/uploads\/2021\/08\/prorok_thomas_2025_rgb-101x135.jpg"},"post-grid":{"width":113,"height":150,"mime-type":"image\/jpeg","url":"https:\/\/www.conect.at\/wp-content\/uploads\/2021\/08\/prorok_thomas_2025_rgb-113x150.jpg"},"widget-thumbnail":{"width":75,"height":75,"mime-type":"image\/jpeg","url":"https:\/\/www.conect.at\/wp-content\/uploads\/2021\/08\/prorok_thomas_2025_rgb-75x75.jpg"}},"schema":"%name%-%image-width%x%image-height%.%extension%"},"json_ld":{"@type":"Person","name":"Thomas Prorok","description":"&lt;p&gt;Gesch\u00e4ftsf\u00fchrer des KDZ \u2013 Zentrum f\u00fcr Verwaltungsforschung, besch\u00e4ftigt sich mit aktuellen Fragen der Reform des \u00f6ffentlichen Sektors und Dezentralisierung, Common Assessment Framework (CAF), Quality Management, Effective Governance and Organisational Development, Fragen der Europ\u00e4ischen Integration &amp; Local Public Governance.&lt;\/p&gt;\\n","image":"https:\/\/www.conect.at\/wp-content\/uploads\/2021\/08\/prorok_thomas_2025_rgb.jpg","url":"https:\/\/www.conect.at\/speaker\/thomas-prorok","telephone":"","email":"","sameAs":""},"global_id":"www.conect.at\/en?id=2691","global_id_lineage":["www.conect.at\/en?id=2691"]}],"json_ld":{"@context":"http:\/\/schema.org","@type":"Event","name":"K\u00fcnstliche Intelligenz: Einf\u00fchrung &amp; \u00dcberblick als Voraussetzung f\u00fcr das AI-Zertifikat nach dem AI-Act","description":"&lt;p&gt;. Eine Veranstaltung des KDZ in Kooperation mit CON\u2022ECT BUSINESS ACADEMY . Wichtig zu wissen! Seit Februar 2025 gilt die EU-KI-Verordnung. Diese verpflichtet alle Unternehmen - unabh\u00e4ngig von ihrer Gr\u00f6\u00dfe - sicherzustellen, dass Mitarbeitende mit KI-Bezug \u00fcber ausreichende KI-Kompetenzen verf\u00fcgen. Dies gilt ebenso f\u00fcr die \u00f6ffentliche Verwaltung: \u201eBetriebe\u201c, \u201e\u00f6ffentliche Unternehmen\u201c sowie die gesamte (kommunale) Verwaltung.&lt;\/p&gt;\\n","url":"https:\/\/www.conect.at\/en\/veranstaltung\/kuenstliche-intelligenz-einfuehrung-ueberblick-als-voraussetzung-fuer-das-ai-zertifikat-nach-dem-ai-act-12\/","startDate":"2026-05-19T09:00:00+02:00","endDate":"2026-05-19T12:00:00+02:00","location":{"@type":"Place","name":"Live Online","description":"","url":"https:\/\/www.conect.at\/venue\/live-online-2","address":{"@type":"PostalAddress"},"telephone":"","sameAs":""},"organizer":{"@type":"Person","name":"Mathias Traugott","description":"&lt;p&gt;Mathias Traugott, BBA, ITIL Master &amp; IT Governance Experte verinnerlicht konsequente, praktizierte Kundenorientierung seit seinen verantwortlichen Positionen rund um die Flugabfertigungs-Services und als Leiter Customer Care bei der IT Organisation der Swissair, der ehemaligen schweizerischen Fluggesellschaft. Als Verantwortlicher des ganzheitlichen ITSM-Programmes beim gr\u00f6ssten schweizerischen Mobilfunkanbieter (3-facher Awardgewinner) legte er die Basis f\u00fcr die Beraterlaufbahn. Inzwischen&lt;\/p&gt;\\n","image":"https:\/\/www.conect.at\/wp-content\/uploads\/2020\/05\/traugott_mathias_2018_rgb.jpg","url":"https:\/\/www.conect.at\/speaker\/mathias-traugott","telephone":"","email":"","sameAs":""},"performer":"Organization"}}